{"id":909,"date":"2019-06-20T09:33:21","date_gmt":"2019-06-20T09:33:21","guid":{"rendered":"https:\/\/ana-kovacevic.com\/?p=909"},"modified":"2019-08-05T09:15:48","modified_gmt":"2019-08-05T09:15:48","slug":"exibition-100-years-of-the-association-of-fine-artists-of-serbia-ulus","status":"publish","type":"post","link":"https:\/\/ana-kovacevic.com\/en\/exibition-100-years-of-the-association-of-fine-artists-of-serbia-ulus\/","title":{"rendered":"Album \"Exibition - 100 years of The Association of Fine Artists of Serbia - ULUS\""},"content":{"rendered":"<!-- MasterSlider -->\n\t\t<div id=\"P_MS69f3d2913bae1\" class=\"master-slider-parent msl ms-parent-id-5\" style=\"max-width:800px;\">\n\n\t\t\t\n\t\t\t<!-- MasterSlider Main -->\n\t\t\t<div id=\"MS69f3d2913bae1\" class=\"master-slider ms-skin-black-1\" >\n\t\t\t\t \t\t\t\t \n\t\t\t\t<div  class=\"ms-slide\" data-delay=\"5\" data-fill-mode=\"fill\"  >\n\t\t\t\t\t<img src=\"https:\/\/ana-kovacevic.com\/wp-content\/plugins\/master-slider\/public\/assets\/css\/blank.gif\" alt=\"\" title=\"\" data-src=\"https:\/\/ana-kovacevic.com\/wp-content\/uploads\/2019\/06\/100-years-of-The-Association-of-Fine-Artists-of-Serbia-\u2013-ULUS-1.jpg\" \/>\n\n\n\t<img class=\"ms-thumb\" src=\"https:\/\/ana-kovacevic.com\/wp-content\/uploads\/2019\/06\/100-years-of-The-Association-of-Fine-Artists-of-Serbia-\u2013-ULUS-1-140x80.jpg\" alt=\"\" \/>\n\t<div class=\"ms-thumb\" ><div class=\"ms-tab-context\"><div class=&quot;ms-tab-context&quot;><\/div><\/div>\n<\/div>\n\t\t\t\t<\/div>\n\t\t\t\t<div  class=\"ms-slide\" data-delay=\"3\" data-fill-mode=\"fill\"  >\n\t\t\t\t\t<img src=\"https:\/\/ana-kovacevic.com\/wp-content\/plugins\/master-slider\/public\/assets\/css\/blank.gif\" alt=\"\" title=\"\" data-src=\"https:\/\/ana-kovacevic.com\/wp-content\/uploads\/2019\/06\/100-years-of-The-Association-of-Fine-Artists-of-Serbia-\u2013-ULUS-2.jpg\" \/>\n\n\n\t<img class=\"ms-thumb\" src=\"https:\/\/ana-kovacevic.com\/wp-content\/uploads\/2019\/06\/100-years-of-The-Association-of-Fine-Artists-of-Serbia-\u2013-ULUS-2-140x80.jpg\" alt=\"\" \/>\n\t<div class=\"ms-thumb\" ><div class=\"ms-tab-context\"><div class=&quot;ms-tab-context&quot;><\/div><\/div>\n<\/div>\n\t\t\t\t<\/div>\n\t\t\t\t<div  class=\"ms-slide\" data-delay=\"3\" data-fill-mode=\"fill\"  >\n\t\t\t\t\t<img src=\"https:\/\/ana-kovacevic.com\/wp-content\/plugins\/master-slider\/public\/assets\/css\/blank.gif\" alt=\"\" title=\"\" data-src=\"https:\/\/ana-kovacevic.com\/wp-content\/uploads\/2019\/06\/100-years-of-The-Association-of-Fine-Artists-of-Serbia-\u2013-ULUS-3.jpg\" \/>\n\n\n\t<img class=\"ms-thumb\" src=\"https:\/\/ana-kovacevic.com\/wp-content\/uploads\/2019\/06\/100-years-of-The-Association-of-Fine-Artists-of-Serbia-\u2013-ULUS-3-140x80.jpg\" alt=\"\" \/>\n\t<div class=\"ms-thumb\" ><div class=\"ms-tab-context\"><div class=&quot;ms-tab-context&quot;><\/div><\/div>\n<\/div>\n\t\t\t\t<\/div>\n\t\t\t\t<div  class=\"ms-slide\" data-delay=\"3\" data-fill-mode=\"fill\"  >\n\t\t\t\t\t<img src=\"https:\/\/ana-kovacevic.com\/wp-content\/plugins\/master-slider\/public\/assets\/css\/blank.gif\" alt=\"\" title=\"\" data-src=\"https:\/\/ana-kovacevic.com\/wp-content\/uploads\/2019\/06\/100-years-of-The-Association-of-Fine-Artists-of-Serbia-\u2013-ULUS-4.jpg\" \/>\n\n\n\t<img class=\"ms-thumb\" src=\"https:\/\/ana-kovacevic.com\/wp-content\/uploads\/2019\/06\/100-years-of-The-Association-of-Fine-Artists-of-Serbia-\u2013-ULUS-4-140x80.jpg\" alt=\"\" \/>\n\t<div class=\"ms-thumb\" ><div class=\"ms-tab-context\"><div class=&quot;ms-tab-context&quot;><\/div><\/div>\n<\/div>\n\t\t\t\t<\/div>\n\t\t\t\t<div  class=\"ms-slide\" data-delay=\"3\" data-fill-mode=\"fill\"  >\n\t\t\t\t\t<img src=\"https:\/\/ana-kovacevic.com\/wp-content\/plugins\/master-slider\/public\/assets\/css\/blank.gif\" alt=\"\" title=\"\" data-src=\"https:\/\/ana-kovacevic.com\/wp-content\/uploads\/2019\/06\/100-years-of-The-Association-of-Fine-Artists-of-Serbia-\u2013-ULUS-5.jpg\" \/>\n\n\n\t<img class=\"ms-thumb\" src=\"https:\/\/ana-kovacevic.com\/wp-content\/uploads\/2019\/06\/100-years-of-The-Association-of-Fine-Artists-of-Serbia-\u2013-ULUS-5-140x80.jpg\" alt=\"\" \/>\n\t<div class=\"ms-thumb\" ><div class=\"ms-tab-context\"><div class=&quot;ms-tab-context&quot;><\/div><\/div>\n<\/div>\n\t\t\t\t<\/div>\n\n\t\t\t<\/div>\n\t\t\t<!-- END MasterSlider Main -->\n\n\t\t\t \n\t\t<\/div>\n\t\t<!-- END MasterSlider -->\n\n\t\t<script>\n\t\t(function ( $ ) {\n\t\t\t\"use strict\";\n\n\t\t\t$(function () {\n\t\t\t\tvar masterslider_bae1 = new MasterSlider();\n\n\t\t\t\t\/\/ slider controls\n\t\t\t\tmasterslider_bae1.control('arrows'     ,{ autohide:true, overVideo:true , hideUnder:768 });\t\t\t\tmasterslider_bae1.control('bullets'    ,{ autohide:false, overVideo:true, dir:'h', align:'bottom' , margin:10 , hideUnder:768 });\n\n\t\t\t\tmasterslider_bae1.control('thumblist'  ,{ autohide:false, overVideo:true, dir:'h', speed:17, inset:false, arrows:false, hover:false, customClass:'', align:'bottom',type:'thumbs', margin:5, width:140, height:80, space:5, fillMode:'fill'  });\n\t\t\t\t\/\/ slider setup\n\t\t\t\tmasterslider_bae1.setup(\"MS69f3d2913bae1\", {\n\t\t\t\t\t\twidth           : 800,\n\t\t\t\t\t\theight          : 480,\n\t\t\t\t\t\tminHeight       : 0,\n\t\t\t\t\t\tspace           : 0,\n\t\t\t\t\t\tstart           : 1,\n\t\t\t\t\t\tgrabCursor      : true,\n\t\t\t\t\t\tswipe           : true,\n\t\t\t\t\t\tmouse           : true,\n\t\t\t\t\t\tlayout          : \"boxed\",\n\t\t\t\t\t\twheel           : false,\n\t\t\t\t\t\tautoplay        : true,\n\t\t\t\t\t\tinstantStartLayers:false,\n\t\t\t\t\t\tloop            : true,\n\t\t\t\t\t\tshuffle         : false,\n\t\t\t\t\t\tpreload         : 0,\n\t\t\t\t\t\theightLimit     : true,\n\t\t\t\t\t\tautoHeight      : true,\n\t\t\t\t\t\tsmoothHeight    : true,\n\t\t\t\t\t\tendPause        : false,\n\t\t\t\t\t\toverPause       : true,\n\t\t\t\t\t\tfillMode        : \"fill\",\n\t\t\t\t\t\tcenterControls  : true,\n\t\t\t\t\t\tstartOnAppear   : false,\n\t\t\t\t\t\tlayersMode      : \"center\",\n\t\t\t\t\t\thideLayers      : false,\n\t\t\t\t\t\tfullscreenMargin: 0,\n\t\t\t\t\t\tspeed           : 20,\n\t\t\t\t\t\tdir             : \"h\",\n\t\t\t\t\t\tparallaxMode    : 'swipe',\n\t\t\t\t\t\tview            : \"basic\"\n\t\t\t\t});\n\n\t\t\t\t\n\t\t\t\twindow.masterslider_instances = window.masterslider_instances || [];\n\t\t\t\twindow.masterslider_instances.push( masterslider_bae1 );\n\t\t\t });\n\n\t\t})(jQuery);\n\t\t<\/script>","protected":false},"excerpt":{"rendered":"","protected":false},"author":1,"featured_media":916,"comment_status":"open","ping_status":"open","sticky":false,"template":"","format":"standard","meta":[],"categories":[131],"tags":[],"yoast_head":"<!-- This site is optimized with the Yoast SEO plugin v17.2.1 - https:\/\/yoast.com\/wordpress\/plugins\/seo\/ -->\n<title>Album &quot;Izlo\u017eba 100 godina ULUS-a&quot; - Ana Kova\u010devi\u0107<\/title>\n<meta name=\"robots\" content=\"index, follow, max-snippet:-1, max-image-preview:large, max-video-preview:-1\" \/>\n<link rel=\"canonical\" href=\"https:\/\/ana-kovacevic.com\/en\/exibition-100-years-of-the-association-of-fine-artists-of-serbia-ulus\/\" \/>\n<meta property=\"og:locale\" content=\"en_US\" \/>\n<meta property=\"og:type\" content=\"article\" \/>\n<meta property=\"og:title\" content=\"Album &quot;Izlo\u017eba 100 godina ULUS-a&quot; - Ana Kova\u010devi\u0107\" \/>\n<meta property=\"og:url\" content=\"https:\/\/ana-kovacevic.com\/en\/exibition-100-years-of-the-association-of-fine-artists-of-serbia-ulus\/\" \/>\n<meta property=\"og:site_name\" content=\"Ana Kova\u010devi\u0107\" \/>\n<meta property=\"article:published_time\" content=\"2019-06-20T09:33:21+00:00\" \/>\n<meta property=\"article:modified_time\" content=\"2019-08-05T09:15:48+00:00\" \/>\n<meta property=\"og:image\" content=\"https:\/\/ana-kovacevic.com\/wp-content\/uploads\/2019\/06\/100-years-of-The-Association-of-Fine-Artists-of-Serbia-\u2013-ULUS-1.jpg\" \/>\n\t<meta property=\"og:image:width\" content=\"1280\" \/>\n\t<meta property=\"og:image:height\" content=\"850\" \/>\n<meta name=\"twitter:card\" content=\"summary_large_image\" \/>\n<meta name=\"twitter:label1\" content=\"Written by\" \/>\n\t<meta name=\"twitter:data1\" content=\"anakovacevic\" \/>\n<script type=\"application\/ld+json\" class=\"yoast-schema-graph\">{\"@context\":\"https:\/\/schema.org\",\"@graph\":[{\"@type\":\"WebSite\",\"@id\":\"https:\/\/ana-kovacevic.com\/#website\",\"url\":\"https:\/\/ana-kovacevic.com\/\",\"name\":\"Ana Kova\\u010devi\\u0107\",\"description\":\"Music and beyond\",\"publisher\":{\"@id\":\"https:\/\/ana-kovacevic.com\/#\/schema\/person\/e03847a1c8035b1f98ca32f780dc0414\"},\"potentialAction\":[{\"@type\":\"SearchAction\",\"target\":{\"@type\":\"EntryPoint\",\"urlTemplate\":\"https:\/\/ana-kovacevic.com\/?s={search_term_string}\"},\"query-input\":\"required name=search_term_string\"}],\"inLanguage\":\"en-US\"},{\"@type\":\"ImageObject\",\"@id\":\"https:\/\/ana-kovacevic.com\/exibition-100-years-of-the-association-of-fine-artists-of-serbia-ulus\/#primaryimage\",\"inLanguage\":\"en-US\",\"url\":\"https:\/\/ana-kovacevic.com\/wp-content\/uploads\/2019\/06\/100-years-of-The-Association-of-Fine-Artists-of-Serbia-\\u2013-ULUS-1.jpg\",\"contentUrl\":\"https:\/\/ana-kovacevic.com\/wp-content\/uploads\/2019\/06\/100-years-of-The-Association-of-Fine-Artists-of-Serbia-\\u2013-ULUS-1.jpg\",\"width\":1280,\"height\":850},{\"@type\":\"WebPage\",\"@id\":\"https:\/\/ana-kovacevic.com\/exibition-100-years-of-the-association-of-fine-artists-of-serbia-ulus\/#webpage\",\"url\":\"https:\/\/ana-kovacevic.com\/exibition-100-years-of-the-association-of-fine-artists-of-serbia-ulus\/\",\"name\":\"Album \\\"Izlo\\u017eba 100 godina ULUS-a\\\" - Ana Kova\\u010devi\\u0107\",\"isPartOf\":{\"@id\":\"https:\/\/ana-kovacevic.com\/#website\"},\"primaryImageOfPage\":{\"@id\":\"https:\/\/ana-kovacevic.com\/exibition-100-years-of-the-association-of-fine-artists-of-serbia-ulus\/#primaryimage\"},\"datePublished\":\"2019-06-20T09:33:21+00:00\",\"dateModified\":\"2019-08-05T09:15:48+00:00\",\"breadcrumb\":{\"@id\":\"https:\/\/ana-kovacevic.com\/exibition-100-years-of-the-association-of-fine-artists-of-serbia-ulus\/#breadcrumb\"},\"inLanguage\":\"en-US\",\"potentialAction\":[{\"@type\":\"ReadAction\",\"target\":[\"https:\/\/ana-kovacevic.com\/exibition-100-years-of-the-association-of-fine-artists-of-serbia-ulus\/\"]}]},{\"@type\":\"BreadcrumbList\",\"@id\":\"https:\/\/ana-kovacevic.com\/exibition-100-years-of-the-association-of-fine-artists-of-serbia-ulus\/#breadcrumb\",\"itemListElement\":[{\"@type\":\"ListItem\",\"position\":1,\"name\":\"Home\",\"item\":\"https:\/\/ana-kovacevic.com\/\"},{\"@type\":\"ListItem\",\"position\":2,\"name\":\"Album &#8220;Izlo\\u017eba 100 godina ULUS-a&#8221;\"}]},{\"@type\":\"Article\",\"@id\":\"https:\/\/ana-kovacevic.com\/exibition-100-years-of-the-association-of-fine-artists-of-serbia-ulus\/#article\",\"isPartOf\":{\"@id\":\"https:\/\/ana-kovacevic.com\/exibition-100-years-of-the-association-of-fine-artists-of-serbia-ulus\/#webpage\"},\"author\":{\"@id\":\"https:\/\/ana-kovacevic.com\/#\/schema\/person\/e03847a1c8035b1f98ca32f780dc0414\"},\"headline\":\"Album &#8222;Izlo\\u017eba 100 godina ULUS-a&#8220;\",\"datePublished\":\"2019-06-20T09:33:21+00:00\",\"dateModified\":\"2019-08-05T09:15:48+00:00\",\"mainEntityOfPage\":{\"@id\":\"https:\/\/ana-kovacevic.com\/exibition-100-years-of-the-association-of-fine-artists-of-serbia-ulus\/#webpage\"},\"wordCount\":7,\"commentCount\":0,\"publisher\":{\"@id\":\"https:\/\/ana-kovacevic.com\/#\/schema\/person\/e03847a1c8035b1f98ca32f780dc0414\"},\"image\":{\"@id\":\"https:\/\/ana-kovacevic.com\/exibition-100-years-of-the-association-of-fine-artists-of-serbia-ulus\/#primaryimage\"},\"thumbnailUrl\":\"https:\/\/ana-kovacevic.com\/wp-content\/uploads\/2019\/06\/100-years-of-The-Association-of-Fine-Artists-of-Serbia-\\u2013-ULUS-1.jpg\",\"articleSection\":[\"U\\u010denici\"],\"inLanguage\":\"en-US\",\"potentialAction\":[{\"@type\":\"CommentAction\",\"name\":\"Comment\",\"target\":[\"https:\/\/ana-kovacevic.com\/exibition-100-years-of-the-association-of-fine-artists-of-serbia-ulus\/#respond\"]}]},{\"@type\":[\"Person\",\"Organization\"],\"@id\":\"https:\/\/ana-kovacevic.com\/#\/schema\/person\/e03847a1c8035b1f98ca32f780dc0414\",\"name\":\"anakovacevic\",\"image\":{\"@type\":\"ImageObject\",\"@id\":\"https:\/\/ana-kovacevic.com\/#personlogo\",\"inLanguage\":\"en-US\",\"url\":\"https:\/\/secure.gravatar.com\/avatar\/afbaec25099f4d39fe2667937f92d0e0?s=96&d=mm&r=g\",\"contentUrl\":\"https:\/\/secure.gravatar.com\/avatar\/afbaec25099f4d39fe2667937f92d0e0?s=96&d=mm&r=g\",\"caption\":\"anakovacevic\"},\"logo\":{\"@id\":\"https:\/\/ana-kovacevic.com\/#personlogo\"},\"url\":\"https:\/\/ana-kovacevic.com\/en\/author\/anakovacevic\/\"}]}<\/script>\n<!-- \/ Yoast SEO plugin. -->","yoast_head_json":{"title":"Album \"Izlo\u017eba 100 godina ULUS-a\" - Ana Kova\u010devi\u0107","robots":{"index":"index","follow":"follow","max-snippet":"max-snippet:-1","max-image-preview":"max-image-preview:large","max-video-preview":"max-video-preview:-1"},"canonical":"https:\/\/ana-kovacevic.com\/en\/exibition-100-years-of-the-association-of-fine-artists-of-serbia-ulus\/","og_locale":"en_US","og_type":"article","og_title":"Album \"Izlo\u017eba 100 godina ULUS-a\" - Ana Kova\u010devi\u0107","og_url":"https:\/\/ana-kovacevic.com\/en\/exibition-100-years-of-the-association-of-fine-artists-of-serbia-ulus\/","og_site_name":"Ana Kova\u010devi\u0107","article_published_time":"2019-06-20T09:33:21+00:00","article_modified_time":"2019-08-05T09:15:48+00:00","og_image":[{"width":1280,"height":850,"url":"https:\/\/ana-kovacevic.com\/wp-content\/uploads\/2019\/06\/100-years-of-The-Association-of-Fine-Artists-of-Serbia-\u2013-ULUS-1.jpg","path":"\/home\/military\/ana-kovacevic.com\/wp-content\/uploads\/2019\/06\/100-years-of-The-Association-of-Fine-Artists-of-Serbia-\u2013-ULUS-1.jpg","size":"full","id":916,"alt":"","pixels":1088000,"type":"image\/jpeg"}],"twitter_card":"summary_large_image","twitter_misc":{"Written by":"anakovacevic"},"schema":{"@context":"https:\/\/schema.org","@graph":[{"@type":"WebSite","@id":"https:\/\/ana-kovacevic.com\/#website","url":"https:\/\/ana-kovacevic.com\/","name":"Ana Kova\u010devi\u0107","description":"Music and beyond","publisher":{"@id":"https:\/\/ana-kovacevic.com\/#\/schema\/person\/e03847a1c8035b1f98ca32f780dc0414"},"potentialAction":[{"@type":"SearchAction","target":{"@type":"EntryPoint","urlTemplate":"https:\/\/ana-kovacevic.com\/?s={search_term_string}"},"query-input":"required name=search_term_string"}],"inLanguage":"en-US"},{"@type":"ImageObject","@id":"https:\/\/ana-kovacevic.com\/exibition-100-years-of-the-association-of-fine-artists-of-serbia-ulus\/#primaryimage","inLanguage":"en-US","url":"https:\/\/ana-kovacevic.com\/wp-content\/uploads\/2019\/06\/100-years-of-The-Association-of-Fine-Artists-of-Serbia-\u2013-ULUS-1.jpg","contentUrl":"https:\/\/ana-kovacevic.com\/wp-content\/uploads\/2019\/06\/100-years-of-The-Association-of-Fine-Artists-of-Serbia-\u2013-ULUS-1.jpg","width":1280,"height":850},{"@type":"WebPage","@id":"https:\/\/ana-kovacevic.com\/exibition-100-years-of-the-association-of-fine-artists-of-serbia-ulus\/#webpage","url":"https:\/\/ana-kovacevic.com\/exibition-100-years-of-the-association-of-fine-artists-of-serbia-ulus\/","name":"Album \"Izlo\u017eba 100 godina ULUS-a\" - Ana Kova\u010devi\u0107","isPartOf":{"@id":"https:\/\/ana-kovacevic.com\/#website"},"primaryImageOfPage":{"@id":"https:\/\/ana-kovacevic.com\/exibition-100-years-of-the-association-of-fine-artists-of-serbia-ulus\/#primaryimage"},"datePublished":"2019-06-20T09:33:21+00:00","dateModified":"2019-08-05T09:15:48+00:00","breadcrumb":{"@id":"https:\/\/ana-kovacevic.com\/exibition-100-years-of-the-association-of-fine-artists-of-serbia-ulus\/#breadcrumb"},"inLanguage":"en-US","potentialAction":[{"@type":"ReadAction","target":["https:\/\/ana-kovacevic.com\/exibition-100-years-of-the-association-of-fine-artists-of-serbia-ulus\/"]}]},{"@type":"BreadcrumbList","@id":"https:\/\/ana-kovacevic.com\/exibition-100-years-of-the-association-of-fine-artists-of-serbia-ulus\/#breadcrumb","itemListElement":[{"@type":"ListItem","position":1,"name":"Home","item":"https:\/\/ana-kovacevic.com\/"},{"@type":"ListItem","position":2,"name":"Album &#8220;Izlo\u017eba 100 godina ULUS-a&#8221;"}]},{"@type":"Article","@id":"https:\/\/ana-kovacevic.com\/exibition-100-years-of-the-association-of-fine-artists-of-serbia-ulus\/#article","isPartOf":{"@id":"https:\/\/ana-kovacevic.com\/exibition-100-years-of-the-association-of-fine-artists-of-serbia-ulus\/#webpage"},"author":{"@id":"https:\/\/ana-kovacevic.com\/#\/schema\/person\/e03847a1c8035b1f98ca32f780dc0414"},"headline":"Album &#8222;Izlo\u017eba 100 godina ULUS-a&#8220;","datePublished":"2019-06-20T09:33:21+00:00","dateModified":"2019-08-05T09:15:48+00:00","mainEntityOfPage":{"@id":"https:\/\/ana-kovacevic.com\/exibition-100-years-of-the-association-of-fine-artists-of-serbia-ulus\/#webpage"},"wordCount":7,"commentCount":0,"publisher":{"@id":"https:\/\/ana-kovacevic.com\/#\/schema\/person\/e03847a1c8035b1f98ca32f780dc0414"},"image":{"@id":"https:\/\/ana-kovacevic.com\/exibition-100-years-of-the-association-of-fine-artists-of-serbia-ulus\/#primaryimage"},"thumbnailUrl":"https:\/\/ana-kovacevic.com\/wp-content\/uploads\/2019\/06\/100-years-of-The-Association-of-Fine-Artists-of-Serbia-\u2013-ULUS-1.jpg","articleSection":["U\u010denici"],"inLanguage":"en-US","potentialAction":[{"@type":"CommentAction","name":"Comment","target":["https:\/\/ana-kovacevic.com\/exibition-100-years-of-the-association-of-fine-artists-of-serbia-ulus\/#respond"]}]},{"@type":["Person","Organization"],"@id":"https:\/\/ana-kovacevic.com\/#\/schema\/person\/e03847a1c8035b1f98ca32f780dc0414","name":"anakovacevic","image":{"@type":"ImageObject","@id":"https:\/\/ana-kovacevic.com\/#personlogo","inLanguage":"en-US","url":"https:\/\/secure.gravatar.com\/avatar\/afbaec25099f4d39fe2667937f92d0e0?s=96&d=mm&r=g","contentUrl":"https:\/\/secure.gravatar.com\/avatar\/afbaec25099f4d39fe2667937f92d0e0?s=96&d=mm&r=g","caption":"anakovacevic"},"logo":{"@id":"https:\/\/ana-kovacevic.com\/#personlogo"},"url":"https:\/\/ana-kovacevic.com\/en\/author\/anakovacevic\/"}]}},"_links":{"self":[{"href":"https:\/\/ana-kovacevic.com\/en\/wp-json\/wp\/v2\/posts\/909"}],"collection":[{"href":"https:\/\/ana-kovacevic.com\/en\/wp-json\/wp\/v2\/posts"}],"about":[{"href":"https:\/\/ana-kovacevic.com\/en\/wp-json\/wp\/v2\/types\/post"}],"author":[{"embeddable":true,"href":"https:\/\/ana-kovacevic.com\/en\/wp-json\/wp\/v2\/users\/1"}],"replies":[{"embeddable":true,"href":"https:\/\/ana-kovacevic.com\/en\/wp-json\/wp\/v2\/comments?post=909"}],"version-history":[{"count":9,"href":"https:\/\/ana-kovacevic.com\/en\/wp-json\/wp\/v2\/posts\/909\/revisions"}],"predecessor-version":[{"id":1247,"href":"https:\/\/ana-kovacevic.com\/en\/wp-json\/wp\/v2\/posts\/909\/revisions\/1247"}],"wp:featuredmedia":[{"embeddable":true,"href":"https:\/\/ana-kovacevic.com\/en\/wp-json\/wp\/v2\/media\/916"}],"wp:attachment":[{"href":"https:\/\/ana-kovacevic.com\/en\/wp-json\/wp\/v2\/media?parent=909"}],"wp:term":[{"taxonomy":"category","embeddable":true,"href":"https:\/\/ana-kovacevic.com\/en\/wp-json\/wp\/v2\/categories?post=909"},{"taxonomy":"post_tag","embeddable":true,"href":"https:\/\/ana-kovacevic.com\/en\/wp-json\/wp\/v2\/tags?post=909"}],"curies":[{"name":"wp","href":"https:\/\/api.w.org\/{rel}","templated":true}]}}