{"id":1071,"date":"2019-08-01T13:03:23","date_gmt":"2019-08-01T13:03:23","guid":{"rendered":"https:\/\/ana-kovacevic.com\/?p=1071"},"modified":"2021-10-02T06:40:16","modified_gmt":"2021-10-02T06:40:16","slug":"aleksandra-latinovic-konkurs-fondacije-dobar-glas-2019","status":"publish","type":"post","link":"https:\/\/ana-kovacevic.com\/en\/aleksandra-latinovic-konkurs-fondacije-dobar-glas-2019\/","title":{"rendered":"Ravel \u201eTzigane\u201c \u2013 Aleksandra Latinovi\u0107, violin, Ana Kova\u010devi\u0107, piano"},"content":{"rendered":"<iframe  id=\"_ytid_29856\"  width=\"1140\" height=\"641\"  data-origwidth=\"1140\" data-origheight=\"641\"  src=\"https:\/\/www.youtube.com\/embed\/a7EgmMbzcVY?enablejsapi=1&autoplay=0&cc_load_policy=0&cc_lang_pref=&iv_load_policy=1&loop=0&modestbranding=0&rel=1&fs=1&playsinline=0&autohide=2&theme=dark&color=red&controls=1&\" class=\"__youtube_prefs__  no-lazyload\" title=\"YouTube player\"  allow=\"autoplay; encrypted-media\" allowfullscreen data-no-lazy=\"1\" data-skipgform_ajax_framebjll=\"\"><\/iframe>","protected":false},"excerpt":{"rendered":"","protected":false},"author":1,"featured_media":1128,"comment_status":"open","ping_status":"open","sticky":false,"template":"","format":"standard","meta":[],"categories":[135],"tags":[],"yoast_head":"<!-- This site is optimized with the Yoast SEO plugin v17.2.1 - https:\/\/yoast.com\/wordpress\/plugins\/seo\/ -->\n<title>Ravel &quot;Tzigane&quot; - Aleksandra Latinovi\u0107, violina, Ana Kova\u010devi\u0107, klavir - Ana Kova\u010devi\u0107<\/title>\n<meta name=\"robots\" content=\"index, follow, max-snippet:-1, max-image-preview:large, max-video-preview:-1\" \/>\n<link rel=\"canonical\" href=\"https:\/\/ana-kovacevic.com\/en\/aleksandra-latinovic-konkurs-fondacije-dobar-glas-2019\/\" \/>\n<meta property=\"og:locale\" content=\"en_US\" \/>\n<meta property=\"og:type\" content=\"article\" \/>\n<meta property=\"og:title\" content=\"Ravel &quot;Tzigane&quot; - Aleksandra Latinovi\u0107, violina, Ana Kova\u010devi\u0107, klavir - Ana Kova\u010devi\u0107\" \/>\n<meta property=\"og:url\" content=\"https:\/\/ana-kovacevic.com\/en\/aleksandra-latinovic-konkurs-fondacije-dobar-glas-2019\/\" \/>\n<meta property=\"og:site_name\" content=\"Ana Kova\u010devi\u0107\" \/>\n<meta property=\"article:published_time\" content=\"2019-08-01T13:03:23+00:00\" \/>\n<meta property=\"article:modified_time\" content=\"2021-10-02T06:40:16+00:00\" \/>\n<meta property=\"og:image\" content=\"https:\/\/ana-kovacevic.com\/wp-content\/uploads\/2019\/07\/accompaniment.jpg\" \/>\n\t<meta property=\"og:image:width\" content=\"2048\" \/>\n\t<meta property=\"og:image:height\" content=\"1536\" \/>\n<meta name=\"twitter:card\" content=\"summary_large_image\" \/>\n<meta name=\"twitter:label1\" content=\"Written by\" \/>\n\t<meta name=\"twitter:data1\" content=\"anakovacevic\" \/>\n<script type=\"application\/ld+json\" class=\"yoast-schema-graph\">{\"@context\":\"https:\/\/schema.org\",\"@graph\":[{\"@type\":\"WebSite\",\"@id\":\"https:\/\/ana-kovacevic.com\/#website\",\"url\":\"https:\/\/ana-kovacevic.com\/\",\"name\":\"Ana Kova\\u010devi\\u0107\",\"description\":\"Music and beyond\",\"publisher\":{\"@id\":\"https:\/\/ana-kovacevic.com\/#\/schema\/person\/e03847a1c8035b1f98ca32f780dc0414\"},\"potentialAction\":[{\"@type\":\"SearchAction\",\"target\":{\"@type\":\"EntryPoint\",\"urlTemplate\":\"https:\/\/ana-kovacevic.com\/?s={search_term_string}\"},\"query-input\":\"required name=search_term_string\"}],\"inLanguage\":\"en-US\"},{\"@type\":\"ImageObject\",\"@id\":\"https:\/\/ana-kovacevic.com\/aleksandra-latinovic-konkurs-fondacije-dobar-glas-2019\/#primaryimage\",\"inLanguage\":\"en-US\",\"url\":\"https:\/\/ana-kovacevic.com\/wp-content\/uploads\/2019\/07\/accompaniment.jpg\",\"contentUrl\":\"https:\/\/ana-kovacevic.com\/wp-content\/uploads\/2019\/07\/accompaniment.jpg\",\"width\":2048,\"height\":1536},{\"@type\":\"WebPage\",\"@id\":\"https:\/\/ana-kovacevic.com\/aleksandra-latinovic-konkurs-fondacije-dobar-glas-2019\/#webpage\",\"url\":\"https:\/\/ana-kovacevic.com\/aleksandra-latinovic-konkurs-fondacije-dobar-glas-2019\/\",\"name\":\"Ravel \\\"Tzigane\\\" - Aleksandra Latinovi\\u0107, violina, Ana Kova\\u010devi\\u0107, klavir - Ana Kova\\u010devi\\u0107\",\"isPartOf\":{\"@id\":\"https:\/\/ana-kovacevic.com\/#website\"},\"primaryImageOfPage\":{\"@id\":\"https:\/\/ana-kovacevic.com\/aleksandra-latinovic-konkurs-fondacije-dobar-glas-2019\/#primaryimage\"},\"datePublished\":\"2019-08-01T13:03:23+00:00\",\"dateModified\":\"2021-10-02T06:40:16+00:00\",\"breadcrumb\":{\"@id\":\"https:\/\/ana-kovacevic.com\/aleksandra-latinovic-konkurs-fondacije-dobar-glas-2019\/#breadcrumb\"},\"inLanguage\":\"en-US\",\"potentialAction\":[{\"@type\":\"ReadAction\",\"target\":[\"https:\/\/ana-kovacevic.com\/aleksandra-latinovic-konkurs-fondacije-dobar-glas-2019\/\"]}]},{\"@type\":\"BreadcrumbList\",\"@id\":\"https:\/\/ana-kovacevic.com\/aleksandra-latinovic-konkurs-fondacije-dobar-glas-2019\/#breadcrumb\",\"itemListElement\":[{\"@type\":\"ListItem\",\"position\":1,\"name\":\"Home\",\"item\":\"https:\/\/ana-kovacevic.com\/\"},{\"@type\":\"ListItem\",\"position\":2,\"name\":\"Ravel &#8220;Tzigane&#8221; &#8211; Aleksandra Latinovi\\u0107, violina, Ana Kova\\u010devi\\u0107, klavir\"}]},{\"@type\":\"Article\",\"@id\":\"https:\/\/ana-kovacevic.com\/aleksandra-latinovic-konkurs-fondacije-dobar-glas-2019\/#article\",\"isPartOf\":{\"@id\":\"https:\/\/ana-kovacevic.com\/aleksandra-latinovic-konkurs-fondacije-dobar-glas-2019\/#webpage\"},\"author\":{\"@id\":\"https:\/\/ana-kovacevic.com\/#\/schema\/person\/e03847a1c8035b1f98ca32f780dc0414\"},\"headline\":\"Ravel &#8222;Tzigane&#8220; &#8211; Aleksandra Latinovi\\u0107, violina, Ana Kova\\u010devi\\u0107, klavir\",\"datePublished\":\"2019-08-01T13:03:23+00:00\",\"dateModified\":\"2021-10-02T06:40:16+00:00\",\"mainEntityOfPage\":{\"@id\":\"https:\/\/ana-kovacevic.com\/aleksandra-latinovic-konkurs-fondacije-dobar-glas-2019\/#webpage\"},\"wordCount\":20,\"commentCount\":0,\"publisher\":{\"@id\":\"https:\/\/ana-kovacevic.com\/#\/schema\/person\/e03847a1c8035b1f98ca32f780dc0414\"},\"image\":{\"@id\":\"https:\/\/ana-kovacevic.com\/aleksandra-latinovic-konkurs-fondacije-dobar-glas-2019\/#primaryimage\"},\"thumbnailUrl\":\"https:\/\/ana-kovacevic.com\/wp-content\/uploads\/2019\/07\/accompaniment.jpg\",\"articleSection\":[\"Klavirska saradnja\"],\"inLanguage\":\"en-US\",\"potentialAction\":[{\"@type\":\"CommentAction\",\"name\":\"Comment\",\"target\":[\"https:\/\/ana-kovacevic.com\/aleksandra-latinovic-konkurs-fondacije-dobar-glas-2019\/#respond\"]}]},{\"@type\":[\"Person\",\"Organization\"],\"@id\":\"https:\/\/ana-kovacevic.com\/#\/schema\/person\/e03847a1c8035b1f98ca32f780dc0414\",\"name\":\"anakovacevic\",\"image\":{\"@type\":\"ImageObject\",\"@id\":\"https:\/\/ana-kovacevic.com\/#personlogo\",\"inLanguage\":\"en-US\",\"url\":\"https:\/\/secure.gravatar.com\/avatar\/afbaec25099f4d39fe2667937f92d0e0?s=96&d=mm&r=g\",\"contentUrl\":\"https:\/\/secure.gravatar.com\/avatar\/afbaec25099f4d39fe2667937f92d0e0?s=96&d=mm&r=g\",\"caption\":\"anakovacevic\"},\"logo\":{\"@id\":\"https:\/\/ana-kovacevic.com\/#personlogo\"},\"url\":\"https:\/\/ana-kovacevic.com\/en\/author\/anakovacevic\/\"}]}<\/script>\n<!-- \/ Yoast SEO plugin. -->","yoast_head_json":{"title":"Ravel \"Tzigane\" - Aleksandra Latinovi\u0107, violina, Ana Kova\u010devi\u0107, klavir - Ana Kova\u010devi\u0107","robots":{"index":"index","follow":"follow","max-snippet":"max-snippet:-1","max-image-preview":"max-image-preview:large","max-video-preview":"max-video-preview:-1"},"canonical":"https:\/\/ana-kovacevic.com\/en\/aleksandra-latinovic-konkurs-fondacije-dobar-glas-2019\/","og_locale":"en_US","og_type":"article","og_title":"Ravel \"Tzigane\" - Aleksandra Latinovi\u0107, violina, Ana Kova\u010devi\u0107, klavir - Ana Kova\u010devi\u0107","og_url":"https:\/\/ana-kovacevic.com\/en\/aleksandra-latinovic-konkurs-fondacije-dobar-glas-2019\/","og_site_name":"Ana Kova\u010devi\u0107","article_published_time":"2019-08-01T13:03:23+00:00","article_modified_time":"2021-10-02T06:40:16+00:00","og_image":[{"width":2048,"height":1536,"url":"https:\/\/ana-kovacevic.com\/wp-content\/uploads\/2019\/07\/accompaniment.jpg","path":"\/home\/military\/ana-kovacevic.com\/wp-content\/uploads\/2019\/07\/accompaniment.jpg","size":"full","id":1128,"alt":"","pixels":3145728,"type":"image\/jpeg"}],"twitter_card":"summary_large_image","twitter_misc":{"Written by":"anakovacevic"},"schema":{"@context":"https:\/\/schema.org","@graph":[{"@type":"WebSite","@id":"https:\/\/ana-kovacevic.com\/#website","url":"https:\/\/ana-kovacevic.com\/","name":"Ana Kova\u010devi\u0107","description":"Music and beyond","publisher":{"@id":"https:\/\/ana-kovacevic.com\/#\/schema\/person\/e03847a1c8035b1f98ca32f780dc0414"},"potentialAction":[{"@type":"SearchAction","target":{"@type":"EntryPoint","urlTemplate":"https:\/\/ana-kovacevic.com\/?s={search_term_string}"},"query-input":"required name=search_term_string"}],"inLanguage":"en-US"},{"@type":"ImageObject","@id":"https:\/\/ana-kovacevic.com\/aleksandra-latinovic-konkurs-fondacije-dobar-glas-2019\/#primaryimage","inLanguage":"en-US","url":"https:\/\/ana-kovacevic.com\/wp-content\/uploads\/2019\/07\/accompaniment.jpg","contentUrl":"https:\/\/ana-kovacevic.com\/wp-content\/uploads\/2019\/07\/accompaniment.jpg","width":2048,"height":1536},{"@type":"WebPage","@id":"https:\/\/ana-kovacevic.com\/aleksandra-latinovic-konkurs-fondacije-dobar-glas-2019\/#webpage","url":"https:\/\/ana-kovacevic.com\/aleksandra-latinovic-konkurs-fondacije-dobar-glas-2019\/","name":"Ravel \"Tzigane\" - Aleksandra Latinovi\u0107, violina, Ana Kova\u010devi\u0107, klavir - Ana Kova\u010devi\u0107","isPartOf":{"@id":"https:\/\/ana-kovacevic.com\/#website"},"primaryImageOfPage":{"@id":"https:\/\/ana-kovacevic.com\/aleksandra-latinovic-konkurs-fondacije-dobar-glas-2019\/#primaryimage"},"datePublished":"2019-08-01T13:03:23+00:00","dateModified":"2021-10-02T06:40:16+00:00","breadcrumb":{"@id":"https:\/\/ana-kovacevic.com\/aleksandra-latinovic-konkurs-fondacije-dobar-glas-2019\/#breadcrumb"},"inLanguage":"en-US","potentialAction":[{"@type":"ReadAction","target":["https:\/\/ana-kovacevic.com\/aleksandra-latinovic-konkurs-fondacije-dobar-glas-2019\/"]}]},{"@type":"BreadcrumbList","@id":"https:\/\/ana-kovacevic.com\/aleksandra-latinovic-konkurs-fondacije-dobar-glas-2019\/#breadcrumb","itemListElement":[{"@type":"ListItem","position":1,"name":"Home","item":"https:\/\/ana-kovacevic.com\/"},{"@type":"ListItem","position":2,"name":"Ravel &#8220;Tzigane&#8221; &#8211; Aleksandra Latinovi\u0107, violina, Ana Kova\u010devi\u0107, klavir"}]},{"@type":"Article","@id":"https:\/\/ana-kovacevic.com\/aleksandra-latinovic-konkurs-fondacije-dobar-glas-2019\/#article","isPartOf":{"@id":"https:\/\/ana-kovacevic.com\/aleksandra-latinovic-konkurs-fondacije-dobar-glas-2019\/#webpage"},"author":{"@id":"https:\/\/ana-kovacevic.com\/#\/schema\/person\/e03847a1c8035b1f98ca32f780dc0414"},"headline":"Ravel &#8222;Tzigane&#8220; &#8211; Aleksandra Latinovi\u0107, violina, Ana Kova\u010devi\u0107, klavir","datePublished":"2019-08-01T13:03:23+00:00","dateModified":"2021-10-02T06:40:16+00:00","mainEntityOfPage":{"@id":"https:\/\/ana-kovacevic.com\/aleksandra-latinovic-konkurs-fondacije-dobar-glas-2019\/#webpage"},"wordCount":20,"commentCount":0,"publisher":{"@id":"https:\/\/ana-kovacevic.com\/#\/schema\/person\/e03847a1c8035b1f98ca32f780dc0414"},"image":{"@id":"https:\/\/ana-kovacevic.com\/aleksandra-latinovic-konkurs-fondacije-dobar-glas-2019\/#primaryimage"},"thumbnailUrl":"https:\/\/ana-kovacevic.com\/wp-content\/uploads\/2019\/07\/accompaniment.jpg","articleSection":["Klavirska saradnja"],"inLanguage":"en-US","potentialAction":[{"@type":"CommentAction","name":"Comment","target":["https:\/\/ana-kovacevic.com\/aleksandra-latinovic-konkurs-fondacije-dobar-glas-2019\/#respond"]}]},{"@type":["Person","Organization"],"@id":"https:\/\/ana-kovacevic.com\/#\/schema\/person\/e03847a1c8035b1f98ca32f780dc0414","name":"anakovacevic","image":{"@type":"ImageObject","@id":"https:\/\/ana-kovacevic.com\/#personlogo","inLanguage":"en-US","url":"https:\/\/secure.gravatar.com\/avatar\/afbaec25099f4d39fe2667937f92d0e0?s=96&d=mm&r=g","contentUrl":"https:\/\/secure.gravatar.com\/avatar\/afbaec25099f4d39fe2667937f92d0e0?s=96&d=mm&r=g","caption":"anakovacevic"},"logo":{"@id":"https:\/\/ana-kovacevic.com\/#personlogo"},"url":"https:\/\/ana-kovacevic.com\/en\/author\/anakovacevic\/"}]}},"_links":{"self":[{"href":"https:\/\/ana-kovacevic.com\/en\/wp-json\/wp\/v2\/posts\/1071"}],"collection":[{"href":"https:\/\/ana-kovacevic.com\/en\/wp-json\/wp\/v2\/posts"}],"about":[{"href":"https:\/\/ana-kovacevic.com\/en\/wp-json\/wp\/v2\/types\/post"}],"author":[{"embeddable":true,"href":"https:\/\/ana-kovacevic.com\/en\/wp-json\/wp\/v2\/users\/1"}],"replies":[{"embeddable":true,"href":"https:\/\/ana-kovacevic.com\/en\/wp-json\/wp\/v2\/comments?post=1071"}],"version-history":[{"count":7,"href":"https:\/\/ana-kovacevic.com\/en\/wp-json\/wp\/v2\/posts\/1071\/revisions"}],"predecessor-version":[{"id":1310,"href":"https:\/\/ana-kovacevic.com\/en\/wp-json\/wp\/v2\/posts\/1071\/revisions\/1310"}],"wp:featuredmedia":[{"embeddable":true,"href":"https:\/\/ana-kovacevic.com\/en\/wp-json\/wp\/v2\/media\/1128"}],"wp:attachment":[{"href":"https:\/\/ana-kovacevic.com\/en\/wp-json\/wp\/v2\/media?parent=1071"}],"wp:term":[{"taxonomy":"category","embeddable":true,"href":"https:\/\/ana-kovacevic.com\/en\/wp-json\/wp\/v2\/categories?post=1071"},{"taxonomy":"post_tag","embeddable":true,"href":"https:\/\/ana-kovacevic.com\/en\/wp-json\/wp\/v2\/tags?post=1071"}],"curies":[{"name":"wp","href":"https:\/\/api.w.org\/{rel}","templated":true}]}}